{"id":18190,"date":"2021-05-19T13:08:03","date_gmt":"2021-05-19T11:08:03","guid":{"rendered":"https:\/\/www.gymnasium-rhauderfehn.de\/?p=18190"},"modified":"2021-09-22T16:59:06","modified_gmt":"2021-09-22T14:59:06","slug":"video-reden-wir-ueber-latein","status":"publish","type":"post","link":"https:\/\/www.gymnasium-rhauderfehn.de\/?p=18190","title":{"rendered":"Video: &#8222;Reden wir \u00fcber Latein&#8230;&#8220;"},"content":{"rendered":"<p>&nbsp;<\/p>\n<p>Latein &#8211; nat\u00fcrlich aktuell auch im 21. Jahrhundert: Reden wir doch einmal mit denen, die Latein selbst lernen, mit denen, die Latein an junge Menschen weitergeben, mit dem bekannten Naturwissenschaftler Prof. Harald Lesch, der Latein gelernt hat und nachdr\u00fccklich daf\u00fcr eintritt, und mit dem Kabarettisten und Moderator Christoph S\u00fc\u00df, der kein Latein hatte (und es am Ende dieses Videos bereut&#8230;).<\/p>\n<p>Und auch was Latein mit einem Schl\u00fcsselbund und einem Kompass zu tun hat, erfahren Sie\/erf\u00e4hrst du in diesem Video:<\/p>\n<p style=\"text-align: center;\"><a href=\"https:\/\/www.youtube.com\/watch?v=S9rFS2VBhNM\">https:\/\/www.youtube.com\/watch?v=S9rFS2VBhNM<\/a><\/p>\n","protected":false},"excerpt":{"rendered":"<p>&nbsp; Latein &#8211; nat\u00fcrlich aktuell auch im 21. Jahrhundert: Reden wir doch einmal mit denen, die Latein selbst lernen, mit denen, die Latein an junge Menschen weitergeben, mit dem bekannten Naturwissenschaftler Prof. Harald Lesch, der [&hellip;]<\/p>\n","protected":false},"author":30,"featured_media":0,"comment_status":"closed","ping_status":"closed","sticky":false,"template":"","format":"standard","meta":{"ngg_post_thumbnail":0,"footnotes":""},"categories":[28,9],"tags":[],"class_list":["post-18190","post","type-post","status-publish","format-standard","hentry","category-latein","category-neues"],"_links":{"self":[{"href":"https:\/\/www.gymnasium-rhauderfehn.de\/index.php?rest_route=\/wp\/v2\/posts\/18190","targetHints":{"allow":["GET"]}}],"collection":[{"href":"https:\/\/www.gymnasium-rhauderfehn.de\/index.php?rest_route=\/wp\/v2\/posts"}],"about":[{"href":"https:\/\/www.gymnasium-rhauderfehn.de\/index.php?rest_route=\/wp\/v2\/types\/post"}],"author":[{"embeddable":true,"href":"https:\/\/www.gymnasium-rhauderfehn.de\/index.php?rest_route=\/wp\/v2\/users\/30"}],"replies":[{"embeddable":true,"href":"https:\/\/www.gymnasium-rhauderfehn.de\/index.php?rest_route=%2Fwp%2Fv2%2Fcomments&post=18190"}],"version-history":[{"count":5,"href":"https:\/\/www.gymnasium-rhauderfehn.de\/index.php?rest_route=\/wp\/v2\/posts\/18190\/revisions"}],"predecessor-version":[{"id":18460,"href":"https:\/\/www.gymnasium-rhauderfehn.de\/index.php?rest_route=\/wp\/v2\/posts\/18190\/revisions\/18460"}],"wp:attachment":[{"href":"https:\/\/www.gymnasium-rhauderfehn.de\/index.php?rest_route=%2Fwp%2Fv2%2Fmedia&parent=18190"}],"wp:term":[{"taxonomy":"category","embeddable":true,"href":"https:\/\/www.gymnasium-rhauderfehn.de\/index.php?rest_route=%2Fwp%2Fv2%2Fcategories&post=18190"},{"taxonomy":"post_tag","embeddable":true,"href":"https:\/\/www.gymnasium-rhauderfehn.de\/index.php?rest_route=%2Fwp%2Fv2%2Ftags&post=18190"}],"curies":[{"name":"wp","href":"https:\/\/api.w.org\/{rel}","templated":true}]}}