{"id":19571,"date":"2022-11-01T11:10:04","date_gmt":"2022-11-01T10:10:04","guid":{"rendered":"https:\/\/www.gymnasium-rhauderfehn.de\/?p=19571"},"modified":"2023-04-19T21:26:16","modified_gmt":"2023-04-19T19:26:16","slug":"brasilianische-musik-grundlagen-und-didaktik","status":"publish","type":"post","link":"https:\/\/www.gymnasium-rhauderfehn.de\/?p=19571","title":{"rendered":"Brasilianische Musik &#8211; Grundlagen und Didaktik"},"content":{"rendered":"<p>Update! Wir freuen uns, dass es Herrn Trum gelungen ist, den Kursleiter zu einem Konzert f\u00fcr alle interessierten und einem Workshop f\u00fcr unser Kollegium an die Schule zu holen! So haben wir dank Erasmus internationale Musik an unsere Schule geholt.<\/p>\n<p><a href=\"https:\/\/www.gymnasium-rhauderfehn.de\/?p=19886\">Konzert mit dem Gitarristen Ahmed El-Salamouny \u2013 Fehntjer Forum 27.4., 20 Uhr <\/a><\/p>\n<p>Zu einer Lehrerfortbildung im Rahmen unserer Erasmus+ Arbeit reiste der Musikkollege Hans-Joachim Trum im Juni 2022 nach Italien.<\/p>\n<p>Herr Trum berichtet von der Reise:<\/p>\n<blockquote><p>Das Seminar \u201eBrasilianische Musik \u2013 Grundlagen und Didaktik\u201c, veranstaltet vom \u201eBrazilian guitar project\u201c fand unter Leitung von Ahmed El-Salamouny vom 18.-25. Juni in der Toskana statt. Im zauberhaften Ambiente einer alten Burg nahe der K\u00fcstenstadt Cecina in der italienischen Toskana haben wir uns in einer Gruppe von zehn Teilnehmerinnen und Teilnehmern intensiv mit Grundlagen und verschiedenen Aspekten der brasilianischen Musik besch\u00e4ftigt. Der Gitarrist und erfahrene Kursleiter Ahmed El-Salamouny, \u00e4gyptischer Abstammung und wohnhaft in M\u00fcnchen, verstand es dabei sehr gut, spieltechnische Feinheiten mit musikalischen Besonderheiten zu verkn\u00fcpfen. Dar\u00fcber hinaus ging es um den Umgang mit Nervosit\u00e4t und \u00c4ngsten beispielsweise in Auftritts- und Pr\u00fcfungssituationen sowie um die Arbeit mit gr\u00f6\u00dferen Gruppen, wie beispielsweise Schulklassen. Dies wurde dann auch gleich praktisch erprobt, indem die Gastgeber und Betreiber der \u201eTenuto di casaglia\u201c zu einem abendlichen Konzert f\u00fcr alle anwesenden G\u00e4ste einluden. An einem warmen Fr\u00fchsommerabend in bester mediterraner Atmosph\u00e4re wurden von den Teilnehmern gemeinsam gelernte St\u00fccke, aber auch Solowerke aufgef\u00fchrt \u2013 so macht Lernen nochmal so viel Spa\u00df!<\/p><\/blockquote>\n<figure id=\"attachment_19573\" aria-describedby=\"caption-attachment-19573\" style=\"width: 300px\" class=\"wp-caption aligncenter\"><a href=\"https:\/\/www.gymnasium-rhauderfehn.de\/wp-content\/uploads\/2022\/11\/Konzertvorbereitung-scaled.jpg\"><img loading=\"lazy\" decoding=\"async\" class=\"wp-image-19573 size-medium\" src=\"https:\/\/www.gymnasium-rhauderfehn.de\/wp-content\/uploads\/2022\/11\/Konzertvorbereitung-300x225.jpg\" alt=\"\" width=\"300\" height=\"225\" srcset=\"https:\/\/www.gymnasium-rhauderfehn.de\/wp-content\/uploads\/2022\/11\/Konzertvorbereitung-300x225.jpg 300w, https:\/\/www.gymnasium-rhauderfehn.de\/wp-content\/uploads\/2022\/11\/Konzertvorbereitung-1024x768.jpg 1024w, https:\/\/www.gymnasium-rhauderfehn.de\/wp-content\/uploads\/2022\/11\/Konzertvorbereitung-768x576.jpg 768w, https:\/\/www.gymnasium-rhauderfehn.de\/wp-content\/uploads\/2022\/11\/Konzertvorbereitung-1536x1152.jpg 1536w, https:\/\/www.gymnasium-rhauderfehn.de\/wp-content\/uploads\/2022\/11\/Konzertvorbereitung-2048x1536.jpg 2048w\" sizes=\"auto, (max-width: 300px) 100vw, 300px\" \/><\/a><figcaption id=\"caption-attachment-19573\" class=\"wp-caption-text\">Konzertvorbereitung<\/figcaption><\/figure>\n<figure id=\"attachment_19572\" aria-describedby=\"caption-attachment-19572\" style=\"width: 300px\" class=\"wp-caption aligncenter\"><a href=\"https:\/\/www.gymnasium-rhauderfehn.de\/wp-content\/uploads\/2022\/11\/Herr-Trum-uebt-Vorspielen-scaled.jpg\"><img loading=\"lazy\" decoding=\"async\" class=\"wp-image-19572 size-medium\" src=\"https:\/\/www.gymnasium-rhauderfehn.de\/wp-content\/uploads\/2022\/11\/Herr-Trum-uebt-Vorspielen-300x225.jpg\" alt=\"\" width=\"300\" height=\"225\" srcset=\"https:\/\/www.gymnasium-rhauderfehn.de\/wp-content\/uploads\/2022\/11\/Herr-Trum-uebt-Vorspielen-300x225.jpg 300w, https:\/\/www.gymnasium-rhauderfehn.de\/wp-content\/uploads\/2022\/11\/Herr-Trum-uebt-Vorspielen-1024x768.jpg 1024w, https:\/\/www.gymnasium-rhauderfehn.de\/wp-content\/uploads\/2022\/11\/Herr-Trum-uebt-Vorspielen-768x576.jpg 768w, https:\/\/www.gymnasium-rhauderfehn.de\/wp-content\/uploads\/2022\/11\/Herr-Trum-uebt-Vorspielen-1536x1152.jpg 1536w, https:\/\/www.gymnasium-rhauderfehn.de\/wp-content\/uploads\/2022\/11\/Herr-Trum-uebt-Vorspielen-2048x1536.jpg 2048w\" sizes=\"auto, (max-width: 300px) 100vw, 300px\" \/><\/a><figcaption id=\"caption-attachment-19572\" class=\"wp-caption-text\">Herr Trum \u00fcbt Vorspielen<\/figcaption><\/figure>\n<p>Im Sinne der Qualifizierung aller Lehrkr\u00e4fte werden die erlernten Inhalte intern an das Musikkollegium weitergegeben, sodass alle Sch\u00fclerinnen und Sch\u00fcler im Musikunterricht zuk\u00fcnftig auch mehr \u00fcber brasilianische Musik erfahren werden. Wir d\u00fcrfen gespannt sein, ob es beim n\u00e4chsten Weihnachtskonzert auch s\u00fcdamerikanische Weihnachtslieder zu h\u00f6ren gibt!<\/p>\n<p><a href=\"https:\/\/www.gymnasium-rhauderfehn.de\/wp-content\/uploads\/2022\/10\/DE_V_Kofinanziert_von_der_Europaeischen_Union_Web_blau.jpg\"><img loading=\"lazy\" decoding=\"async\" class=\"alignnone wp-image-19521 size-medium\" src=\"https:\/\/www.gymnasium-rhauderfehn.de\/wp-content\/uploads\/2022\/10\/DE_V_Kofinanziert_von_der_Europaeischen_Union_Web_blau-296x300.jpg\" alt=\"\" width=\"296\" height=\"300\" srcset=\"https:\/\/www.gymnasium-rhauderfehn.de\/wp-content\/uploads\/2022\/10\/DE_V_Kofinanziert_von_der_Europaeischen_Union_Web_blau-296x300.jpg 296w, https:\/\/www.gymnasium-rhauderfehn.de\/wp-content\/uploads\/2022\/10\/DE_V_Kofinanziert_von_der_Europaeischen_Union_Web_blau-768x778.jpg 768w, https:\/\/www.gymnasium-rhauderfehn.de\/wp-content\/uploads\/2022\/10\/DE_V_Kofinanziert_von_der_Europaeischen_Union_Web_blau.jpg 910w\" sizes=\"auto, (max-width: 296px) 100vw, 296px\" \/><\/a><a href=\"https:\/\/www.gymnasium-rhauderfehn.de\/wp-content\/uploads\/2022\/11\/Erasmus_EU_emblem_with_tagline-pos-EN.png\"><img loading=\"lazy\" decoding=\"async\" class=\"alignnone size-medium wp-image-19574\" src=\"https:\/\/www.gymnasium-rhauderfehn.de\/wp-content\/uploads\/2022\/11\/Erasmus_EU_emblem_with_tagline-pos-EN-300x121.png\" alt=\"\" width=\"300\" height=\"121\" srcset=\"https:\/\/www.gymnasium-rhauderfehn.de\/wp-content\/uploads\/2022\/11\/Erasmus_EU_emblem_with_tagline-pos-EN-300x121.png 300w, https:\/\/www.gymnasium-rhauderfehn.de\/wp-content\/uploads\/2022\/11\/Erasmus_EU_emblem_with_tagline-pos-EN-1024x414.png 1024w, https:\/\/www.gymnasium-rhauderfehn.de\/wp-content\/uploads\/2022\/11\/Erasmus_EU_emblem_with_tagline-pos-EN-768x310.png 768w, https:\/\/www.gymnasium-rhauderfehn.de\/wp-content\/uploads\/2022\/11\/Erasmus_EU_emblem_with_tagline-pos-EN.png 1250w\" sizes=\"auto, (max-width: 300px) 100vw, 300px\" \/><\/a><\/p>\n<blockquote>\n<p style=\"margin: 0in; font-family: Karla; font-size: 15.0pt; color: #2a2d41;\"><span style=\"background: white;\">Die Verantwortung f\u00fcr den Inhalt [dieser Ver\u00f6ffentlichung] tr\u00e4gt allein die Verfasserin\/der Verfasser; die Kommission haftet nicht f\u00fcr die weitere Verwendung der darin enthaltenen Angaben.<\/span><\/p>\n<\/blockquote>\n<p>&nbsp;<\/p>\n","protected":false},"excerpt":{"rendered":"<p>Update! Wir freuen uns, dass es Herrn Trum gelungen ist, den Kursleiter zu einem Konzert f\u00fcr alle interessierten und einem Workshop f\u00fcr unser Kollegium an die Schule zu holen! So haben wir dank Erasmus internationale [&hellip;]<\/p>\n","protected":false},"author":41,"featured_media":0,"comment_status":"closed","ping_status":"closed","sticky":false,"template":"","format":"standard","meta":{"ngg_post_thumbnail":0,"footnotes":""},"categories":[107,1,17,13,31,9],"tags":[],"class_list":["post-19571","post","type-post","status-publish","format-standard","hentry","category-akkreditierung","category-allgemein","category-erasmus","category-europaschule","category-musik","category-neues"],"_links":{"self":[{"href":"https:\/\/www.gymnasium-rhauderfehn.de\/index.php?rest_route=\/wp\/v2\/posts\/19571","targetHints":{"allow":["GET"]}}],"collection":[{"href":"https:\/\/www.gymnasium-rhauderfehn.de\/index.php?rest_route=\/wp\/v2\/posts"}],"about":[{"href":"https:\/\/www.gymnasium-rhauderfehn.de\/index.php?rest_route=\/wp\/v2\/types\/post"}],"author":[{"embeddable":true,"href":"https:\/\/www.gymnasium-rhauderfehn.de\/index.php?rest_route=\/wp\/v2\/users\/41"}],"replies":[{"embeddable":true,"href":"https:\/\/www.gymnasium-rhauderfehn.de\/index.php?rest_route=%2Fwp%2Fv2%2Fcomments&post=19571"}],"version-history":[{"count":4,"href":"https:\/\/www.gymnasium-rhauderfehn.de\/index.php?rest_route=\/wp\/v2\/posts\/19571\/revisions"}],"predecessor-version":[{"id":19974,"href":"https:\/\/www.gymnasium-rhauderfehn.de\/index.php?rest_route=\/wp\/v2\/posts\/19571\/revisions\/19974"}],"wp:attachment":[{"href":"https:\/\/www.gymnasium-rhauderfehn.de\/index.php?rest_route=%2Fwp%2Fv2%2Fmedia&parent=19571"}],"wp:term":[{"taxonomy":"category","embeddable":true,"href":"https:\/\/www.gymnasium-rhauderfehn.de\/index.php?rest_route=%2Fwp%2Fv2%2Fcategories&post=19571"},{"taxonomy":"post_tag","embeddable":true,"href":"https:\/\/www.gymnasium-rhauderfehn.de\/index.php?rest_route=%2Fwp%2Fv2%2Ftags&post=19571"}],"curies":[{"name":"wp","href":"https:\/\/api.w.org\/{rel}","templated":true}]}}