{"id":19660,"date":"2023-01-24T14:43:42","date_gmt":"2023-01-24T13:43:42","guid":{"rendered":"https:\/\/www.gymnasium-rhauderfehn.de\/?p=19660"},"modified":"2023-01-25T16:14:17","modified_gmt":"2023-01-25T15:14:17","slug":"schuelerinnen-und-schueler-des-13-jahrgangs-besuchten-die-gedenkstaette-bergen-belsen","status":"publish","type":"post","link":"https:\/\/www.gymnasium-rhauderfehn.de\/?p=19660","title":{"rendered":"Sch\u00fclerinnen und Sch\u00fcler des 13. Jahrgangs besuchten die Gedenkst\u00e4tte Bergen-Belsen"},"content":{"rendered":"<p><a href=\"https:\/\/www.gymnasium-rhauderfehn.de\/wp-content\/uploads\/2023\/01\/2D879312-7A67-40FE-988B-05BBF398D8B5.jpeg\"><img loading=\"lazy\" decoding=\"async\" class=\"alignnone size-medium wp-image-19667\" src=\"https:\/\/www.gymnasium-rhauderfehn.de\/wp-content\/uploads\/2023\/01\/2D879312-7A67-40FE-988B-05BBF398D8B5-300x225.jpeg\" alt=\"\" width=\"300\" height=\"225\" srcset=\"https:\/\/www.gymnasium-rhauderfehn.de\/wp-content\/uploads\/2023\/01\/2D879312-7A67-40FE-988B-05BBF398D8B5-300x225.jpeg 300w, https:\/\/www.gymnasium-rhauderfehn.de\/wp-content\/uploads\/2023\/01\/2D879312-7A67-40FE-988B-05BBF398D8B5-768x576.jpeg 768w, https:\/\/www.gymnasium-rhauderfehn.de\/wp-content\/uploads\/2023\/01\/2D879312-7A67-40FE-988B-05BBF398D8B5.jpeg 1024w\" sizes=\"auto, (max-width: 300px) 100vw, 300px\" \/><\/a><br \/>\nAm 19. Januar 2023 besuchten die Sch\u00fclerinnen und Sch\u00fcler des 13.Jahrgangs in Begleitung von Albrecht Weinberg im Rahmen eines Projekttages zur Erinnerungskultur die Gedenkst\u00e4tte Bergen-Belsen. Tief beeindruckt waren sie von der Ausstellung und dem Au\u00dfengel\u00e4nde vor Ort. In Workshops besch\u00e4ftigten sich die Sch\u00fclerinnen und Sch\u00fcler mit Themen rund um die Erinnerungskultur und DP-Camps. Da Albrecht Weinberg in Bergen-Belsen &#8222;befreit&#8220; wurde, hat dieser Ort eine ganz besondere Bedeutung f\u00fcr unsere Schule.<\/p>\n<p><a href=\"https:\/\/www.gymnasium-rhauderfehn.de\/wp-content\/uploads\/2023\/01\/5CA0B326-C2FD-40C4-94F8-A84631D80BB8.jpeg\"><img loading=\"lazy\" decoding=\"async\" class=\"alignnone size-medium wp-image-19670\" src=\"https:\/\/www.gymnasium-rhauderfehn.de\/wp-content\/uploads\/2023\/01\/5CA0B326-C2FD-40C4-94F8-A84631D80BB8-225x300.jpeg\" alt=\"\" width=\"225\" height=\"300\" srcset=\"https:\/\/www.gymnasium-rhauderfehn.de\/wp-content\/uploads\/2023\/01\/5CA0B326-C2FD-40C4-94F8-A84631D80BB8-225x300.jpeg 225w, https:\/\/www.gymnasium-rhauderfehn.de\/wp-content\/uploads\/2023\/01\/5CA0B326-C2FD-40C4-94F8-A84631D80BB8-768x1024.jpeg 768w, https:\/\/www.gymnasium-rhauderfehn.de\/wp-content\/uploads\/2023\/01\/5CA0B326-C2FD-40C4-94F8-A84631D80BB8-1152x1536.jpeg 1152w, https:\/\/www.gymnasium-rhauderfehn.de\/wp-content\/uploads\/2023\/01\/5CA0B326-C2FD-40C4-94F8-A84631D80BB8.jpeg 1536w\" sizes=\"auto, (max-width: 225px) 100vw, 225px\" \/><\/a><a href=\"https:\/\/www.gymnasium-rhauderfehn.de\/wp-content\/uploads\/2023\/01\/04A49F2D-F21A-490B-A146-505085EA6731.heic\"><img loading=\"lazy\" decoding=\"async\" class=\"alignnone size-medium wp-image-19662\" src=\"https:\/\/www.gymnasium-rhauderfehn.de\/wp-content\/uploads\/2023\/01\/04A49F2D-F21A-490B-A146-505085EA6731.heic\" alt=\"\" width=\"1\" height=\"1\"><\/a><a href=\"https:\/\/www.gymnasium-rhauderfehn.de\/wp-content\/uploads\/2023\/01\/9E54FDF1-CEA4-47E8-948C-0181A81FD60D.heic\"><img loading=\"lazy\" decoding=\"async\" class=\"alignnone size-medium wp-image-19661\" src=\"https:\/\/www.gymnasium-rhauderfehn.de\/wp-content\/uploads\/2023\/01\/9E54FDF1-CEA4-47E8-948C-0181A81FD60D.heic\" alt=\"\" width=\"1\" height=\"1\"><\/a><a href=\"https:\/\/www.gymnasium-rhauderfehn.de\/wp-content\/uploads\/2023\/01\/8340C07A-CE58-4995-98FC-C81818E1B168.jpeg\"><img loading=\"lazy\" decoding=\"async\" class=\"alignnone size-medium wp-image-19668\" src=\"https:\/\/www.gymnasium-rhauderfehn.de\/wp-content\/uploads\/2023\/01\/8340C07A-CE58-4995-98FC-C81818E1B168-225x300.jpeg\" alt=\"\" width=\"225\" height=\"300\" srcset=\"https:\/\/www.gymnasium-rhauderfehn.de\/wp-content\/uploads\/2023\/01\/8340C07A-CE58-4995-98FC-C81818E1B168-225x300.jpeg 225w, https:\/\/www.gymnasium-rhauderfehn.de\/wp-content\/uploads\/2023\/01\/8340C07A-CE58-4995-98FC-C81818E1B168-768x1024.jpeg 768w, https:\/\/www.gymnasium-rhauderfehn.de\/wp-content\/uploads\/2023\/01\/8340C07A-CE58-4995-98FC-C81818E1B168-1152x1536.jpeg 1152w, https:\/\/www.gymnasium-rhauderfehn.de\/wp-content\/uploads\/2023\/01\/8340C07A-CE58-4995-98FC-C81818E1B168.jpeg 1536w\" sizes=\"auto, (max-width: 225px) 100vw, 225px\" \/><\/a><a href=\"https:\/\/www.gymnasium-rhauderfehn.de\/wp-content\/uploads\/2023\/01\/1629D0DA-488F-4779-8097-A1DB47786BC4.jpeg\"><img loading=\"lazy\" decoding=\"async\" class=\"alignnone size-medium wp-image-19669\" src=\"https:\/\/www.gymnasium-rhauderfehn.de\/wp-content\/uploads\/2023\/01\/1629D0DA-488F-4779-8097-A1DB47786BC4-225x300.jpeg\" alt=\"\" width=\"225\" height=\"300\" srcset=\"https:\/\/www.gymnasium-rhauderfehn.de\/wp-content\/uploads\/2023\/01\/1629D0DA-488F-4779-8097-A1DB47786BC4-225x300.jpeg 225w, https:\/\/www.gymnasium-rhauderfehn.de\/wp-content\/uploads\/2023\/01\/1629D0DA-488F-4779-8097-A1DB47786BC4-768x1024.jpeg 768w, https:\/\/www.gymnasium-rhauderfehn.de\/wp-content\/uploads\/2023\/01\/1629D0DA-488F-4779-8097-A1DB47786BC4-1152x1536.jpeg 1152w, https:\/\/www.gymnasium-rhauderfehn.de\/wp-content\/uploads\/2023\/01\/1629D0DA-488F-4779-8097-A1DB47786BC4.jpeg 1536w\" sizes=\"auto, (max-width: 225px) 100vw, 225px\" \/><\/a><\/p>\n","protected":false},"excerpt":{"rendered":"<p>Am 19. Januar 2023 besuchten die Sch\u00fclerinnen und Sch\u00fcler des 13.Jahrgangs in Begleitung von Albrecht Weinberg im Rahmen eines Projekttages zur Erinnerungskultur die Gedenkst\u00e4tte Bergen-Belsen. Tief beeindruckt waren sie von der Ausstellung und dem Au\u00dfengel\u00e4nde [&hellip;]<\/p>\n","protected":false},"author":14,"featured_media":0,"comment_status":"closed","ping_status":"closed","sticky":false,"template":"","format":"standard","meta":{"ngg_post_thumbnail":0,"footnotes":""},"categories":[1,33,9,44],"tags":[],"class_list":["post-19660","post","type-post","status-publish","format-standard","hentry","category-allgemein","category-geschichte","category-neues","category-religion"],"_links":{"self":[{"href":"https:\/\/www.gymnasium-rhauderfehn.de\/index.php?rest_route=\/wp\/v2\/posts\/19660","targetHints":{"allow":["GET"]}}],"collection":[{"href":"https:\/\/www.gymnasium-rhauderfehn.de\/index.php?rest_route=\/wp\/v2\/posts"}],"about":[{"href":"https:\/\/www.gymnasium-rhauderfehn.de\/index.php?rest_route=\/wp\/v2\/types\/post"}],"author":[{"embeddable":true,"href":"https:\/\/www.gymnasium-rhauderfehn.de\/index.php?rest_route=\/wp\/v2\/users\/14"}],"replies":[{"embeddable":true,"href":"https:\/\/www.gymnasium-rhauderfehn.de\/index.php?rest_route=%2Fwp%2Fv2%2Fcomments&post=19660"}],"version-history":[{"count":3,"href":"https:\/\/www.gymnasium-rhauderfehn.de\/index.php?rest_route=\/wp\/v2\/posts\/19660\/revisions"}],"predecessor-version":[{"id":19671,"href":"https:\/\/www.gymnasium-rhauderfehn.de\/index.php?rest_route=\/wp\/v2\/posts\/19660\/revisions\/19671"}],"wp:attachment":[{"href":"https:\/\/www.gymnasium-rhauderfehn.de\/index.php?rest_route=%2Fwp%2Fv2%2Fmedia&parent=19660"}],"wp:term":[{"taxonomy":"category","embeddable":true,"href":"https:\/\/www.gymnasium-rhauderfehn.de\/index.php?rest_route=%2Fwp%2Fv2%2Fcategories&post=19660"},{"taxonomy":"post_tag","embeddable":true,"href":"https:\/\/www.gymnasium-rhauderfehn.de\/index.php?rest_route=%2Fwp%2Fv2%2Ftags&post=19660"}],"curies":[{"name":"wp","href":"https:\/\/api.w.org\/{rel}","templated":true}]}}