{"id":20410,"date":"2023-10-24T20:37:09","date_gmt":"2023-10-24T18:37:09","guid":{"rendered":"https:\/\/www.gymnasium-rhauderfehn.de\/?p=20410"},"modified":"2025-02-06T21:19:24","modified_gmt":"2025-02-06T20:19:24","slug":"legacy-coach-vanessa-gomes-zu-gast","status":"publish","type":"post","link":"https:\/\/www.gymnasium-rhauderfehn.de\/?p=20410","title":{"rendered":"Legacy Coach Vanessa Gomes zu Gast"},"content":{"rendered":"<p>Legacy Coach, dt. &#8222;Verm\u00e4chtnistrainerin&#8220;, <a href=\"https:\/\/www.developwithvanessa.com\">Vanessa Gomes<\/a> war Ende September eine Woche lang bei uns zu Gast, um uns bei der Weiterentwicklung unseres Schulprogramms in Zusammenhang mit der Namensgebung eines Holocaust\u00fcberlebenden zu unterst\u00fctzen. In Vortr\u00e4gen und Workshops f\u00fcr das Kollegium wurden zentrale Grundpfeiler, wie Menschlichkeit, Verantwortung, Leidenschaft, Toleranz, Respekt und ein sicherer Ort, erarbeitet, die unseren Schulalltag in Albrechts Sinne pr\u00e4gen. Ein Treffen mit Albrecht Weinberg durfte dabei nat\u00fcrlich auch nicht fehlen. Die aus Curacao stammende Trainerin gab dar\u00fcberhinaus den Niederl\u00e4ndischlerngruppen Einblicke in das Leben auf den niederl\u00e4ndischen Antillen &#8211; auch ein St\u00fcck europ\u00e4ische Geschichte durfte dabei nicht fehlen, schlie\u00dflich galt Curacao lange Zeit als &#8222;Umschlagplatz&#8220; f\u00fcr den internationalen Sklavenhandel.<\/p>\n<p>Ein Zusammenschnitt ihres Vortrags ist <a href=\"https:\/\/www.youtube.com\/watch?v=ekq9_L1w_ho\">hier<\/a> zu sehen. Auf der Gesamtkonferenz wurde von den Ergebnissen berichtet.<\/p>\n<p>Der Kontakt zur Trainerin entstand im Rahmen einer Erasmus+ Fortbildung. Die Workshops bei uns wurden aus Mitteln des EU-Programms Erasmus+ kofinanziert.<\/p>\n<p>Bildergalerie:<\/p>\n<p><a href=\"https:\/\/www.gymnasium-rhauderfehn.de\/wp-content\/uploads\/2023\/10\/Bildschirmfoto-2023-09-20-um-21.23.13.png\"><img loading=\"lazy\" decoding=\"async\" class=\"alignnone size-medium wp-image-20417\" src=\"https:\/\/www.gymnasium-rhauderfehn.de\/wp-content\/uploads\/2023\/10\/Bildschirmfoto-2023-09-20-um-21.23.13-300x203.png\" alt=\"\" width=\"300\" height=\"203\" srcset=\"https:\/\/www.gymnasium-rhauderfehn.de\/wp-content\/uploads\/2023\/10\/Bildschirmfoto-2023-09-20-um-21.23.13-300x203.png 300w, https:\/\/www.gymnasium-rhauderfehn.de\/wp-content\/uploads\/2023\/10\/Bildschirmfoto-2023-09-20-um-21.23.13-1024x691.png 1024w, https:\/\/www.gymnasium-rhauderfehn.de\/wp-content\/uploads\/2023\/10\/Bildschirmfoto-2023-09-20-um-21.23.13-768x518.png 768w, https:\/\/www.gymnasium-rhauderfehn.de\/wp-content\/uploads\/2023\/10\/Bildschirmfoto-2023-09-20-um-21.23.13-1536x1037.png 1536w, https:\/\/www.gymnasium-rhauderfehn.de\/wp-content\/uploads\/2023\/10\/Bildschirmfoto-2023-09-20-um-21.23.13-2048x1383.png 2048w\" sizes=\"auto, (max-width: 300px) 100vw, 300px\" \/><\/a><a href=\"https:\/\/www.gymnasium-rhauderfehn.de\/wp-content\/uploads\/2023\/10\/74dc6388-32fe-4f55-85a4-65d2db4e3361.jpeg\"><img loading=\"lazy\" decoding=\"async\" class=\"alignnone size-medium wp-image-20411\" src=\"https:\/\/www.gymnasium-rhauderfehn.de\/wp-content\/uploads\/2023\/10\/74dc6388-32fe-4f55-85a4-65d2db4e3361-225x300.jpeg\" alt=\"\" width=\"225\" height=\"300\" srcset=\"https:\/\/www.gymnasium-rhauderfehn.de\/wp-content\/uploads\/2023\/10\/74dc6388-32fe-4f55-85a4-65d2db4e3361-225x300.jpeg 225w, https:\/\/www.gymnasium-rhauderfehn.de\/wp-content\/uploads\/2023\/10\/74dc6388-32fe-4f55-85a4-65d2db4e3361.jpeg 768w\" sizes=\"auto, (max-width: 225px) 100vw, 225px\" \/><\/a><a href=\"https:\/\/www.gymnasium-rhauderfehn.de\/wp-content\/uploads\/2023\/10\/IMG_4928-scaled.jpeg\"><img loading=\"lazy\" decoding=\"async\" class=\"alignnone size-medium wp-image-20412\" src=\"https:\/\/www.gymnasium-rhauderfehn.de\/wp-content\/uploads\/2023\/10\/IMG_4928-225x300.jpeg\" alt=\"\" width=\"225\" height=\"300\" srcset=\"https:\/\/www.gymnasium-rhauderfehn.de\/wp-content\/uploads\/2023\/10\/IMG_4928-225x300.jpeg 225w, https:\/\/www.gymnasium-rhauderfehn.de\/wp-content\/uploads\/2023\/10\/IMG_4928-768x1024.jpeg 768w, https:\/\/www.gymnasium-rhauderfehn.de\/wp-content\/uploads\/2023\/10\/IMG_4928-1152x1536.jpeg 1152w, https:\/\/www.gymnasium-rhauderfehn.de\/wp-content\/uploads\/2023\/10\/IMG_4928-1536x2048.jpeg 1536w, https:\/\/www.gymnasium-rhauderfehn.de\/wp-content\/uploads\/2023\/10\/IMG_4928-scaled.jpeg 1920w\" sizes=\"auto, (max-width: 225px) 100vw, 225px\" \/><\/a><a href=\"https:\/\/www.gymnasium-rhauderfehn.de\/wp-content\/uploads\/2023\/10\/822d2575-66e7-4086-b299-492594836f82.jpeg\"><img loading=\"lazy\" decoding=\"async\" class=\"alignnone size-medium wp-image-20413\" src=\"https:\/\/www.gymnasium-rhauderfehn.de\/wp-content\/uploads\/2023\/10\/822d2575-66e7-4086-b299-492594836f82-225x300.jpeg\" alt=\"\" width=\"225\" height=\"300\" srcset=\"https:\/\/www.gymnasium-rhauderfehn.de\/wp-content\/uploads\/2023\/10\/822d2575-66e7-4086-b299-492594836f82-225x300.jpeg 225w, https:\/\/www.gymnasium-rhauderfehn.de\/wp-content\/uploads\/2023\/10\/822d2575-66e7-4086-b299-492594836f82-768x1024.jpeg 768w, https:\/\/www.gymnasium-rhauderfehn.de\/wp-content\/uploads\/2023\/10\/822d2575-66e7-4086-b299-492594836f82-1152x1536.jpeg 1152w, https:\/\/www.gymnasium-rhauderfehn.de\/wp-content\/uploads\/2023\/10\/822d2575-66e7-4086-b299-492594836f82.jpeg 1536w\" sizes=\"auto, (max-width: 225px) 100vw, 225px\" \/><\/a><a href=\"https:\/\/www.gymnasium-rhauderfehn.de\/wp-content\/uploads\/2023\/10\/IMG_4739-scaled.jpeg\"><img loading=\"lazy\" decoding=\"async\" class=\"alignnone size-medium wp-image-20414\" src=\"https:\/\/www.gymnasium-rhauderfehn.de\/wp-content\/uploads\/2023\/10\/IMG_4739-225x300.jpeg\" alt=\"\" width=\"225\" height=\"300\" srcset=\"https:\/\/www.gymnasium-rhauderfehn.de\/wp-content\/uploads\/2023\/10\/IMG_4739-225x300.jpeg 225w, https:\/\/www.gymnasium-rhauderfehn.de\/wp-content\/uploads\/2023\/10\/IMG_4739-768x1024.jpeg 768w, https:\/\/www.gymnasium-rhauderfehn.de\/wp-content\/uploads\/2023\/10\/IMG_4739-1152x1536.jpeg 1152w, https:\/\/www.gymnasium-rhauderfehn.de\/wp-content\/uploads\/2023\/10\/IMG_4739-1536x2048.jpeg 1536w, https:\/\/www.gymnasium-rhauderfehn.de\/wp-content\/uploads\/2023\/10\/IMG_4739-scaled.jpeg 1920w\" sizes=\"auto, (max-width: 225px) 100vw, 225px\" \/><\/a> <a href=\"https:\/\/www.gymnasium-rhauderfehn.de\/wp-content\/uploads\/2023\/10\/IMG_4746-scaled.jpeg\"><img loading=\"lazy\" decoding=\"async\" class=\"alignnone size-medium wp-image-20415\" src=\"https:\/\/www.gymnasium-rhauderfehn.de\/wp-content\/uploads\/2023\/10\/IMG_4746-225x300.jpeg\" alt=\"\" width=\"225\" height=\"300\" srcset=\"https:\/\/www.gymnasium-rhauderfehn.de\/wp-content\/uploads\/2023\/10\/IMG_4746-225x300.jpeg 225w, https:\/\/www.gymnasium-rhauderfehn.de\/wp-content\/uploads\/2023\/10\/IMG_4746-768x1024.jpeg 768w, https:\/\/www.gymnasium-rhauderfehn.de\/wp-content\/uploads\/2023\/10\/IMG_4746-1152x1536.jpeg 1152w, https:\/\/www.gymnasium-rhauderfehn.de\/wp-content\/uploads\/2023\/10\/IMG_4746-1536x2048.jpeg 1536w, https:\/\/www.gymnasium-rhauderfehn.de\/wp-content\/uploads\/2023\/10\/IMG_4746-scaled.jpeg 1920w\" sizes=\"auto, (max-width: 225px) 100vw, 225px\" \/><\/a> <a href=\"https:\/\/www.gymnasium-rhauderfehn.de\/wp-content\/uploads\/2023\/10\/IMG_4743-scaled.jpeg\"><img loading=\"lazy\" decoding=\"async\" class=\"alignnone size-medium wp-image-20416\" src=\"https:\/\/www.gymnasium-rhauderfehn.de\/wp-content\/uploads\/2023\/10\/IMG_4743-225x300.jpeg\" alt=\"\" width=\"225\" height=\"300\" srcset=\"https:\/\/www.gymnasium-rhauderfehn.de\/wp-content\/uploads\/2023\/10\/IMG_4743-225x300.jpeg 225w, https:\/\/www.gymnasium-rhauderfehn.de\/wp-content\/uploads\/2023\/10\/IMG_4743-768x1024.jpeg 768w, https:\/\/www.gymnasium-rhauderfehn.de\/wp-content\/uploads\/2023\/10\/IMG_4743-1152x1536.jpeg 1152w, https:\/\/www.gymnasium-rhauderfehn.de\/wp-content\/uploads\/2023\/10\/IMG_4743-1536x2048.jpeg 1536w, https:\/\/www.gymnasium-rhauderfehn.de\/wp-content\/uploads\/2023\/10\/IMG_4743-scaled.jpeg 1920w\" sizes=\"auto, (max-width: 225px) 100vw, 225px\" \/><\/a> <a href=\"https:\/\/www.gymnasium-rhauderfehn.de\/wp-content\/uploads\/2023\/10\/Bildschirmfoto-2023-09-20-um-21.28.32.png\"><img loading=\"lazy\" decoding=\"async\" class=\"alignnone size-medium wp-image-20418\" src=\"https:\/\/www.gymnasium-rhauderfehn.de\/wp-content\/uploads\/2023\/10\/Bildschirmfoto-2023-09-20-um-21.28.32-300x203.png\" alt=\"\" width=\"300\" height=\"203\" srcset=\"https:\/\/www.gymnasium-rhauderfehn.de\/wp-content\/uploads\/2023\/10\/Bildschirmfoto-2023-09-20-um-21.28.32-300x203.png 300w, https:\/\/www.gymnasium-rhauderfehn.de\/wp-content\/uploads\/2023\/10\/Bildschirmfoto-2023-09-20-um-21.28.32-1024x691.png 1024w, https:\/\/www.gymnasium-rhauderfehn.de\/wp-content\/uploads\/2023\/10\/Bildschirmfoto-2023-09-20-um-21.28.32-768x518.png 768w, https:\/\/www.gymnasium-rhauderfehn.de\/wp-content\/uploads\/2023\/10\/Bildschirmfoto-2023-09-20-um-21.28.32-1536x1037.png 1536w, https:\/\/www.gymnasium-rhauderfehn.de\/wp-content\/uploads\/2023\/10\/Bildschirmfoto-2023-09-20-um-21.28.32-2048x1383.png 2048w\" sizes=\"auto, (max-width: 300px) 100vw, 300px\" \/><\/a> <a href=\"https:\/\/www.gymnasium-rhauderfehn.de\/wp-content\/uploads\/2023\/10\/IMG_4710-scaled.jpeg\"><img loading=\"lazy\" decoding=\"async\" class=\"alignnone size-medium wp-image-20419\" src=\"https:\/\/www.gymnasium-rhauderfehn.de\/wp-content\/uploads\/2023\/10\/IMG_4710-225x300.jpeg\" alt=\"\" width=\"225\" height=\"300\" srcset=\"https:\/\/www.gymnasium-rhauderfehn.de\/wp-content\/uploads\/2023\/10\/IMG_4710-225x300.jpeg 225w, https:\/\/www.gymnasium-rhauderfehn.de\/wp-content\/uploads\/2023\/10\/IMG_4710-768x1024.jpeg 768w, https:\/\/www.gymnasium-rhauderfehn.de\/wp-content\/uploads\/2023\/10\/IMG_4710-1152x1536.jpeg 1152w, https:\/\/www.gymnasium-rhauderfehn.de\/wp-content\/uploads\/2023\/10\/IMG_4710-1536x2048.jpeg 1536w, https:\/\/www.gymnasium-rhauderfehn.de\/wp-content\/uploads\/2023\/10\/IMG_4710-scaled.jpeg 1920w\" sizes=\"auto, (max-width: 225px) 100vw, 225px\" \/><\/a> <a href=\"https:\/\/www.gymnasium-rhauderfehn.de\/wp-content\/uploads\/2023\/10\/IMG_4667-scaled.jpeg\"><img loading=\"lazy\" decoding=\"async\" class=\"alignnone size-medium wp-image-20420\" src=\"https:\/\/www.gymnasium-rhauderfehn.de\/wp-content\/uploads\/2023\/10\/IMG_4667-225x300.jpeg\" alt=\"\" width=\"225\" height=\"300\" srcset=\"https:\/\/www.gymnasium-rhauderfehn.de\/wp-content\/uploads\/2023\/10\/IMG_4667-225x300.jpeg 225w, https:\/\/www.gymnasium-rhauderfehn.de\/wp-content\/uploads\/2023\/10\/IMG_4667-768x1024.jpeg 768w, https:\/\/www.gymnasium-rhauderfehn.de\/wp-content\/uploads\/2023\/10\/IMG_4667-1152x1536.jpeg 1152w, https:\/\/www.gymnasium-rhauderfehn.de\/wp-content\/uploads\/2023\/10\/IMG_4667-1536x2048.jpeg 1536w, https:\/\/www.gymnasium-rhauderfehn.de\/wp-content\/uploads\/2023\/10\/IMG_4667-scaled.jpeg 1920w\" sizes=\"auto, (max-width: 225px) 100vw, 225px\" \/><\/a><\/p>\n<p><a href=\"https:\/\/www.gymnasium-rhauderfehn.de\/wp-content\/uploads\/2023\/09\/DE_V_Kofinanziert_von_der_Europaeischen_Union_Web_blau.jpg\"><img loading=\"lazy\" decoding=\"async\" class=\"alignnone size-medium wp-image-20343\" src=\"https:\/\/www.gymnasium-rhauderfehn.de\/wp-content\/uploads\/2023\/09\/DE_V_Kofinanziert_von_der_Europaeischen_Union_Web_blau-296x300.jpg\" alt=\"\" width=\"296\" height=\"300\" srcset=\"https:\/\/www.gymnasium-rhauderfehn.de\/wp-content\/uploads\/2023\/09\/DE_V_Kofinanziert_von_der_Europaeischen_Union_Web_blau-296x300.jpg 296w, https:\/\/www.gymnasium-rhauderfehn.de\/wp-content\/uploads\/2023\/09\/DE_V_Kofinanziert_von_der_Europaeischen_Union_Web_blau-768x778.jpg 768w, https:\/\/www.gymnasium-rhauderfehn.de\/wp-content\/uploads\/2023\/09\/DE_V_Kofinanziert_von_der_Europaeischen_Union_Web_blau.jpg 910w\" sizes=\"auto, (max-width: 296px) 100vw, 296px\" \/><\/a> <a href=\"https:\/\/www.gymnasium-rhauderfehn.de\/wp-content\/uploads\/2023\/09\/Erasmus_EU_emblem_with_tagline-pos-EN.png\"><img loading=\"lazy\" decoding=\"async\" class=\"alignnone size-medium wp-image-20344\" src=\"https:\/\/www.gymnasium-rhauderfehn.de\/wp-content\/uploads\/2023\/09\/Erasmus_EU_emblem_with_tagline-pos-EN-300x121.png\" alt=\"\" width=\"300\" height=\"121\" srcset=\"https:\/\/www.gymnasium-rhauderfehn.de\/wp-content\/uploads\/2023\/09\/Erasmus_EU_emblem_with_tagline-pos-EN-300x121.png 300w, https:\/\/www.gymnasium-rhauderfehn.de\/wp-content\/uploads\/2023\/09\/Erasmus_EU_emblem_with_tagline-pos-EN-1024x414.png 1024w, https:\/\/www.gymnasium-rhauderfehn.de\/wp-content\/uploads\/2023\/09\/Erasmus_EU_emblem_with_tagline-pos-EN-768x310.png 768w, https:\/\/www.gymnasium-rhauderfehn.de\/wp-content\/uploads\/2023\/09\/Erasmus_EU_emblem_with_tagline-pos-EN.png 1250w\" sizes=\"auto, (max-width: 300px) 100vw, 300px\" \/><\/a><\/p>\n","protected":false},"excerpt":{"rendered":"<p>Legacy Coach, dt. &#8222;Verm\u00e4chtnistrainerin&#8220;, Vanessa Gomes war Ende September eine Woche lang bei uns zu Gast, um uns bei der Weiterentwicklung unseres Schulprogramms in Zusammenhang mit der Namensgebung eines Holocaust\u00fcberlebenden zu unterst\u00fctzen. In Vortr\u00e4gen und [&hellip;]<\/p>\n","protected":false},"author":41,"featured_media":0,"comment_status":"closed","ping_status":"closed","sticky":false,"template":"","format":"standard","meta":{"ngg_post_thumbnail":0,"footnotes":""},"categories":[107,1,17,13,77,9],"tags":[],"class_list":["post-20410","post","type-post","status-publish","format-standard","hentry","category-akkreditierung","category-allgemein","category-erasmus","category-europaschule","category-internationale-kontakte","category-neues"],"_links":{"self":[{"href":"https:\/\/www.gymnasium-rhauderfehn.de\/index.php?rest_route=\/wp\/v2\/posts\/20410","targetHints":{"allow":["GET"]}}],"collection":[{"href":"https:\/\/www.gymnasium-rhauderfehn.de\/index.php?rest_route=\/wp\/v2\/posts"}],"about":[{"href":"https:\/\/www.gymnasium-rhauderfehn.de\/index.php?rest_route=\/wp\/v2\/types\/post"}],"author":[{"embeddable":true,"href":"https:\/\/www.gymnasium-rhauderfehn.de\/index.php?rest_route=\/wp\/v2\/users\/41"}],"replies":[{"embeddable":true,"href":"https:\/\/www.gymnasium-rhauderfehn.de\/index.php?rest_route=%2Fwp%2Fv2%2Fcomments&post=20410"}],"version-history":[{"count":2,"href":"https:\/\/www.gymnasium-rhauderfehn.de\/index.php?rest_route=\/wp\/v2\/posts\/20410\/revisions"}],"predecessor-version":[{"id":21321,"href":"https:\/\/www.gymnasium-rhauderfehn.de\/index.php?rest_route=\/wp\/v2\/posts\/20410\/revisions\/21321"}],"wp:attachment":[{"href":"https:\/\/www.gymnasium-rhauderfehn.de\/index.php?rest_route=%2Fwp%2Fv2%2Fmedia&parent=20410"}],"wp:term":[{"taxonomy":"category","embeddable":true,"href":"https:\/\/www.gymnasium-rhauderfehn.de\/index.php?rest_route=%2Fwp%2Fv2%2Fcategories&post=20410"},{"taxonomy":"post_tag","embeddable":true,"href":"https:\/\/www.gymnasium-rhauderfehn.de\/index.php?rest_route=%2Fwp%2Fv2%2Ftags&post=20410"}],"curies":[{"name":"wp","href":"https:\/\/api.w.org\/{rel}","templated":true}]}}