{"id":20689,"date":"2024-02-27T09:25:23","date_gmt":"2024-02-27T08:25:23","guid":{"rendered":"https:\/\/www.gymnasium-rhauderfehn.de\/?p=20689"},"modified":"2024-02-27T09:25:23","modified_gmt":"2024-02-27T08:25:23","slug":"lehrkraeftefortbildung-in-amsterdam","status":"publish","type":"post","link":"https:\/\/www.gymnasium-rhauderfehn.de\/?p=20689","title":{"rendered":"Lehrkr\u00e4ftefortbildung in Amsterdam"},"content":{"rendered":"<p>Die Kollegin Frau Sch\u00e4fer war letzte Woche in Amsterdam in europ\u00e4ischer Mission unterwegs und hat viel Lehrreiches, viel Regen, viele Farben und viele spannende europ\u00e4ische Kontakte erlebt auf dem Erasmus+ Seminar zum Thema &#8222;The 4Cs: Kommunikation, Creativity, Cooperation and Critical Thinking&#8220;. Die Ergebnisse der Fortbildung werden in schulinternen Lehrkr\u00e4ftefortbildungen an das Kollegium weitergegeben, sodass alle davon profitieren k\u00f6nnen. Einen ausf\u00fchrlichen Bericht gibt es <a href=\"https:\/\/www.gymnasium-rhauderfehn.de\/wp-content\/uploads\/2024\/02\/Bericht-Amsterdam-Sr.pdf\">hier<\/a>.<\/p>\n<p><a href=\"https:\/\/www.gymnasium-rhauderfehn.de\/wp-content\/uploads\/2024\/02\/Kommunikation_FoBi_Sr-Ams.jpg\"><img loading=\"lazy\" decoding=\"async\" class=\"alignnone size-full wp-image-20692\" src=\"https:\/\/www.gymnasium-rhauderfehn.de\/wp-content\/uploads\/2024\/02\/Kommunikation_FoBi_Sr-Ams.jpg\" alt=\"\" width=\"200\" height=\"128\" \/> <\/a><a href=\"https:\/\/www.gymnasium-rhauderfehn.de\/wp-content\/uploads\/2024\/02\/Zertifikat-fuer-Frau-Schaefer.png\">\u00a0 <img loading=\"lazy\" decoding=\"async\" class=\"alignnone size-medium wp-image-20693\" src=\"https:\/\/www.gymnasium-rhauderfehn.de\/wp-content\/uploads\/2024\/02\/Zertifikat-fuer-Frau-Schaefer-300x227.png\" alt=\"\" width=\"300\" height=\"227\" srcset=\"https:\/\/www.gymnasium-rhauderfehn.de\/wp-content\/uploads\/2024\/02\/Zertifikat-fuer-Frau-Schaefer-300x227.png 300w, https:\/\/www.gymnasium-rhauderfehn.de\/wp-content\/uploads\/2024\/02\/Zertifikat-fuer-Frau-Schaefer-1024x775.png 1024w, https:\/\/www.gymnasium-rhauderfehn.de\/wp-content\/uploads\/2024\/02\/Zertifikat-fuer-Frau-Schaefer-768x581.png 768w, https:\/\/www.gymnasium-rhauderfehn.de\/wp-content\/uploads\/2024\/02\/Zertifikat-fuer-Frau-Schaefer-1536x1162.png 1536w, https:\/\/www.gymnasium-rhauderfehn.de\/wp-content\/uploads\/2024\/02\/Zertifikat-fuer-Frau-Schaefer.png 1714w\" sizes=\"auto, (max-width: 300px) 100vw, 300px\" \/><\/a><\/p>\n<p>Die Fortbildung fand im Rahmen des EU-Bildungsprogramms Erasmus+ statt und wurde aus Mitteln der Europ\u00e4ischen Union finanziert.<\/p>\n<p>&nbsp;<\/p>\n<p>.<a href=\"https:\/\/www.gymnasium-rhauderfehn.de\/wp-content\/uploads\/2023\/09\/DE_V_Kofinanziert_von_der_Europaeischen_Union_Web_blau.jpg\"><img loading=\"lazy\" decoding=\"async\" class=\"alignnone size-medium wp-image-20343\" src=\"https:\/\/www.gymnasium-rhauderfehn.de\/wp-content\/uploads\/2023\/09\/DE_V_Kofinanziert_von_der_Europaeischen_Union_Web_blau-296x300.jpg\" alt=\"\" width=\"296\" height=\"300\" srcset=\"https:\/\/www.gymnasium-rhauderfehn.de\/wp-content\/uploads\/2023\/09\/DE_V_Kofinanziert_von_der_Europaeischen_Union_Web_blau-296x300.jpg 296w, https:\/\/www.gymnasium-rhauderfehn.de\/wp-content\/uploads\/2023\/09\/DE_V_Kofinanziert_von_der_Europaeischen_Union_Web_blau-768x778.jpg 768w, https:\/\/www.gymnasium-rhauderfehn.de\/wp-content\/uploads\/2023\/09\/DE_V_Kofinanziert_von_der_Europaeischen_Union_Web_blau.jpg 910w\" sizes=\"auto, (max-width: 296px) 100vw, 296px\" \/><\/a> <a href=\"https:\/\/www.gymnasium-rhauderfehn.de\/wp-content\/uploads\/2023\/09\/Erasmus_EU_emblem_with_tagline-pos-EN.png\"><img loading=\"lazy\" decoding=\"async\" class=\"alignnone size-medium wp-image-20344\" src=\"https:\/\/www.gymnasium-rhauderfehn.de\/wp-content\/uploads\/2023\/09\/Erasmus_EU_emblem_with_tagline-pos-EN-300x121.png\" alt=\"\" width=\"300\" height=\"121\" srcset=\"https:\/\/www.gymnasium-rhauderfehn.de\/wp-content\/uploads\/2023\/09\/Erasmus_EU_emblem_with_tagline-pos-EN-300x121.png 300w, https:\/\/www.gymnasium-rhauderfehn.de\/wp-content\/uploads\/2023\/09\/Erasmus_EU_emblem_with_tagline-pos-EN-1024x414.png 1024w, https:\/\/www.gymnasium-rhauderfehn.de\/wp-content\/uploads\/2023\/09\/Erasmus_EU_emblem_with_tagline-pos-EN-768x310.png 768w, https:\/\/www.gymnasium-rhauderfehn.de\/wp-content\/uploads\/2023\/09\/Erasmus_EU_emblem_with_tagline-pos-EN.png 1250w\" sizes=\"auto, (max-width: 300px) 100vw, 300px\" \/><\/a><\/p>\n","protected":false},"excerpt":{"rendered":"<p>Die Kollegin Frau Sch\u00e4fer war letzte Woche in Amsterdam in europ\u00e4ischer Mission unterwegs und hat viel Lehrreiches, viel Regen, viele Farben und viele spannende europ\u00e4ische Kontakte erlebt auf dem Erasmus+ Seminar zum Thema &#8222;The 4Cs: [&hellip;]<\/p>\n","protected":false},"author":41,"featured_media":0,"comment_status":"closed","ping_status":"closed","sticky":false,"template":"","format":"standard","meta":{"ngg_post_thumbnail":0,"footnotes":""},"categories":[107,1,17,13,9],"tags":[],"class_list":["post-20689","post","type-post","status-publish","format-standard","hentry","category-akkreditierung","category-allgemein","category-erasmus","category-europaschule","category-neues"],"_links":{"self":[{"href":"https:\/\/www.gymnasium-rhauderfehn.de\/index.php?rest_route=\/wp\/v2\/posts\/20689","targetHints":{"allow":["GET"]}}],"collection":[{"href":"https:\/\/www.gymnasium-rhauderfehn.de\/index.php?rest_route=\/wp\/v2\/posts"}],"about":[{"href":"https:\/\/www.gymnasium-rhauderfehn.de\/index.php?rest_route=\/wp\/v2\/types\/post"}],"author":[{"embeddable":true,"href":"https:\/\/www.gymnasium-rhauderfehn.de\/index.php?rest_route=\/wp\/v2\/users\/41"}],"replies":[{"embeddable":true,"href":"https:\/\/www.gymnasium-rhauderfehn.de\/index.php?rest_route=%2Fwp%2Fv2%2Fcomments&post=20689"}],"version-history":[{"count":1,"href":"https:\/\/www.gymnasium-rhauderfehn.de\/index.php?rest_route=\/wp\/v2\/posts\/20689\/revisions"}],"predecessor-version":[{"id":20694,"href":"https:\/\/www.gymnasium-rhauderfehn.de\/index.php?rest_route=\/wp\/v2\/posts\/20689\/revisions\/20694"}],"wp:attachment":[{"href":"https:\/\/www.gymnasium-rhauderfehn.de\/index.php?rest_route=%2Fwp%2Fv2%2Fmedia&parent=20689"}],"wp:term":[{"taxonomy":"category","embeddable":true,"href":"https:\/\/www.gymnasium-rhauderfehn.de\/index.php?rest_route=%2Fwp%2Fv2%2Fcategories&post=20689"},{"taxonomy":"post_tag","embeddable":true,"href":"https:\/\/www.gymnasium-rhauderfehn.de\/index.php?rest_route=%2Fwp%2Fv2%2Ftags&post=20689"}],"curies":[{"name":"wp","href":"https:\/\/api.w.org\/{rel}","templated":true}]}}