{"id":20978,"date":"2024-09-08T14:08:52","date_gmt":"2024-09-08T12:08:52","guid":{"rendered":"https:\/\/www.gymnasium-rhauderfehn.de\/?p=20978"},"modified":"2024-09-08T14:08:52","modified_gmt":"2024-09-08T12:08:52","slug":"exkursion-des-biologie-lks-in-den-heseler-wald","status":"publish","type":"post","link":"https:\/\/www.gymnasium-rhauderfehn.de\/?p=20978","title":{"rendered":"Exkursion des Biologie-LKs in den Heseler Wald"},"content":{"rendered":"<p><img loading=\"lazy\" decoding=\"async\" class=\"alignleft\" src=\"https:\/\/www.gymnasium-rhauderfehn.de\/wp-content\/uploads\/2024\/09\/IMG_1218-scaled.jpeg\" alt=\"\" width=\"441\" height=\"331\" \/>Am Donnerstag, den 05.09.24 nahm der 13er Biologie-LK im Heseler Wald an einer Exkursion des Waldp\u00e4dagogikzentrums Weser-Ems unter der Leitung von F\u00f6rsterin Imke Reiners und dem Waldp\u00e4dagoge und Jugendpfleger Christoph Bruns teil. Der Treffpunkt der Veranstaltung war der Parkplatz Kloster Barthe\/ Silbersee, von wo aus in ein Waldgebiet kurz vor dem ehemaligen Kloster Barthe gelaufen wurde. Hier waren sechs Stationen aufgebaut, die nacheinander durchlaufen wurden.<\/p>\n<p>&nbsp;<\/p>\n<p>&nbsp;<\/p>\n<p><strong>Stationen:<\/strong><a href=\"https:\/\/www.gymnasium-rhauderfehn.de\/wp-content\/uploads\/2024\/09\/IMG_1225-scaled.jpeg\"><img loading=\"lazy\" decoding=\"async\" class=\"size-medium wp-image-20975 alignright\" src=\"https:\/\/www.gymnasium-rhauderfehn.de\/wp-content\/uploads\/2024\/09\/IMG_1225-300x225.jpeg\" alt=\"\" width=\"300\" height=\"225\" srcset=\"https:\/\/www.gymnasium-rhauderfehn.de\/wp-content\/uploads\/2024\/09\/IMG_1225-300x225.jpeg 300w, https:\/\/www.gymnasium-rhauderfehn.de\/wp-content\/uploads\/2024\/09\/IMG_1225-1024x768.jpeg 1024w, https:\/\/www.gymnasium-rhauderfehn.de\/wp-content\/uploads\/2024\/09\/IMG_1225-768x576.jpeg 768w, https:\/\/www.gymnasium-rhauderfehn.de\/wp-content\/uploads\/2024\/09\/IMG_1225-1536x1152.jpeg 1536w, https:\/\/www.gymnasium-rhauderfehn.de\/wp-content\/uploads\/2024\/09\/IMG_1225-2048x1536.jpeg 2048w\" sizes=\"auto, (max-width: 300px) 100vw, 300px\" \/><\/a><\/p>\n<p>&#8211; Totholz und seine Zersetzungsstadien mit Bestimmungs\u00fcbung Insekten<br \/>\n&#8211; Vereinfachte Vegetationsaufnahme- Waldgesellschaften<br \/>\n&#8211; Humusformen-Stickstoffkreislauf- Stickstoffmessung im Vergleich<br \/>\n&#8211; Mineralboden-pH Wert Messung\/ Bestimmung der Bodenart<br \/>\n&#8211; Strukturvielfalt- horizontale\/ vertikale Betrachtung- Lichtmessung<br \/>\n&#8211; Holzvorrat und Kohlenstoffkreislauf\/ Nachhaltige Holznutzung<\/p>\n<p><a href=\"https:\/\/www.gymnasium-rhauderfehn.de\/wp-content\/uploads\/2024\/09\/IMG_1220-scaled.jpeg\"><img loading=\"lazy\" decoding=\"async\" class=\"size-medium wp-image-20976 alignleft\" src=\"https:\/\/www.gymnasium-rhauderfehn.de\/wp-content\/uploads\/2024\/09\/IMG_1220-300x225.jpeg\" alt=\"\" width=\"300\" height=\"225\" srcset=\"https:\/\/www.gymnasium-rhauderfehn.de\/wp-content\/uploads\/2024\/09\/IMG_1220-300x225.jpeg 300w, https:\/\/www.gymnasium-rhauderfehn.de\/wp-content\/uploads\/2024\/09\/IMG_1220-1024x768.jpeg 1024w, https:\/\/www.gymnasium-rhauderfehn.de\/wp-content\/uploads\/2024\/09\/IMG_1220-768x576.jpeg 768w, https:\/\/www.gymnasium-rhauderfehn.de\/wp-content\/uploads\/2024\/09\/IMG_1220-1536x1152.jpeg 1536w, https:\/\/www.gymnasium-rhauderfehn.de\/wp-content\/uploads\/2024\/09\/IMG_1220-2048x1536.jpeg 2048w\" sizes=\"auto, (max-width: 300px) 100vw, 300px\" \/><\/a>Aufgrund der tollen Organisation und Betreuung der beiden Leiter der Veranstaltung waren alle Teilnehmer*innen am Ende begeistert. Die praktischen \u00dcbungen im Wald k\u00f6nnen durch keinen Unterricht im Klassenraum ersetzt werden!<\/p>\n<p>Ein Dankesch\u00f6n gilt auch dem F\u00f6rderverein der Schule, der diese Veranstaltung finanziell unterst\u00fctzte!<\/p>\n","protected":false},"excerpt":{"rendered":"<p>Am Donnerstag, den 05.09.24 nahm der 13er Biologie-LK im Heseler Wald an einer Exkursion des Waldp\u00e4dagogikzentrums Weser-Ems unter der Leitung von F\u00f6rsterin Imke Reiners und dem Waldp\u00e4dagoge und Jugendpfleger Christoph Bruns teil. Der Treffpunkt der [&hellip;]<\/p>\n","protected":false},"author":13,"featured_media":0,"comment_status":"closed","ping_status":"closed","sticky":false,"template":"","format":"standard","meta":{"ngg_post_thumbnail":0,"footnotes":""},"categories":[1,21,9],"tags":[],"class_list":["post-20978","post","type-post","status-publish","format-standard","hentry","category-allgemein","category-biologie","category-neues"],"_links":{"self":[{"href":"https:\/\/www.gymnasium-rhauderfehn.de\/index.php?rest_route=\/wp\/v2\/posts\/20978","targetHints":{"allow":["GET"]}}],"collection":[{"href":"https:\/\/www.gymnasium-rhauderfehn.de\/index.php?rest_route=\/wp\/v2\/posts"}],"about":[{"href":"https:\/\/www.gymnasium-rhauderfehn.de\/index.php?rest_route=\/wp\/v2\/types\/post"}],"author":[{"embeddable":true,"href":"https:\/\/www.gymnasium-rhauderfehn.de\/index.php?rest_route=\/wp\/v2\/users\/13"}],"replies":[{"embeddable":true,"href":"https:\/\/www.gymnasium-rhauderfehn.de\/index.php?rest_route=%2Fwp%2Fv2%2Fcomments&post=20978"}],"version-history":[{"count":2,"href":"https:\/\/www.gymnasium-rhauderfehn.de\/index.php?rest_route=\/wp\/v2\/posts\/20978\/revisions"}],"predecessor-version":[{"id":20980,"href":"https:\/\/www.gymnasium-rhauderfehn.de\/index.php?rest_route=\/wp\/v2\/posts\/20978\/revisions\/20980"}],"wp:attachment":[{"href":"https:\/\/www.gymnasium-rhauderfehn.de\/index.php?rest_route=%2Fwp%2Fv2%2Fmedia&parent=20978"}],"wp:term":[{"taxonomy":"category","embeddable":true,"href":"https:\/\/www.gymnasium-rhauderfehn.de\/index.php?rest_route=%2Fwp%2Fv2%2Fcategories&post=20978"},{"taxonomy":"post_tag","embeddable":true,"href":"https:\/\/www.gymnasium-rhauderfehn.de\/index.php?rest_route=%2Fwp%2Fv2%2Ftags&post=20978"}],"curies":[{"name":"wp","href":"https:\/\/api.w.org\/{rel}","templated":true}]}}