{"id":22220,"date":"2025-12-01T17:52:15","date_gmt":"2025-12-01T16:52:15","guid":{"rendered":"https:\/\/www.gymnasium-rhauderfehn.de\/?p=22220"},"modified":"2025-12-01T17:52:15","modified_gmt":"2025-12-01T16:52:15","slug":"awg-erhaelt-erasmus-qualitaetssiegel-im-schulbereich","status":"publish","type":"post","link":"https:\/\/www.gymnasium-rhauderfehn.de\/?p=22220","title":{"rendered":"AWG erh\u00e4lt Erasmus+ Qualit\u00e4tssiegel im Schulbereich"},"content":{"rendered":"<p data-start=\"66\" data-end=\"282\">Wir freuen uns sehr: Das Albrecht-Weinberg-Gymnasium wurde mit dem <strong data-start=\"133\" data-end=\"177\">Erasmus+ Qualit\u00e4tssiegel im Schulbereich <\/strong>ausgezeichnet und gilt damit offiziell als <strong data-start=\"221\" data-end=\"248\">\u201eBeispiel guter Praxis\u201c<\/strong> im europ\u00e4ischen Bildungsprogramm.<\/p>\n<p data-start=\"284\" data-end=\"947\">Das Siegel wird vom P\u00e4dagogischen Austauschdienst der Kultusministerkonferenz an Schulen verliehen, die ihre Erasmus+-Akkreditierung besonders \u00fcberzeugend nutzen und Mobilit\u00e4ten professionell planen, durchf\u00fchren und dokumentieren. F\u00fcr unsere Schulgemeinschaft ist diese Auszeichnung eine wertvolle Best\u00e4tigung unserer kontinuierlichen Europaarbeit \u2013 von Sch\u00fclerpraktika und Austauschformaten \u00fcber Langzeitmobilit\u00e4ten bis hin zu Fortbildungen und Job-Shadowings f\u00fcr Lehrkr\u00e4fte. Die digitale Version des Siegels d\u00fcrfen wir bereits auf unserer Website und \u00fcber unsere Social-Media-Kan\u00e4le verwenden; die offizielle Urkunde wird uns in den kommenden Wochen zugestellt.<\/p>\n<p data-start=\"949\" data-end=\"1200\">Ein gro\u00dfes Dankesch\u00f6n gilt allen, die zu diesem Erfolg beigetragen haben: der Schulleitung, dem Erasmus-Team, den beteiligten Kolleginnen und Kollegen, unseren europ\u00e4ischen Partnern sowie nat\u00fcrlich unseren Sch\u00fclerinnen und Sch\u00fclern und ihren Familien.<\/p>\n<p data-start=\"1202\" data-end=\"1458\" data-is-last-node=\"\" data-is-only-node=\"\">Gleichzeitig verstehen wir das Qualit\u00e4tssiegel als Auftrag. Wir m\u00f6chten weiterhin vielf\u00e4ltige Auslandserfahrungen erm\u00f6glichen, nachhaltige und inklusive Mobilit\u00e4ten st\u00e4rken und Europa im Schulalltag sichtbar und erlebbar machen \u2013 am AWG und dar\u00fcber hinaus.<\/p>\n<p data-start=\"1202\" data-end=\"1458\" data-is-last-node=\"\" data-is-only-node=\"\">\n<p data-start=\"1202\" data-end=\"1458\" data-is-last-node=\"\" data-is-only-node=\"\"><a href=\"https:\/\/www.gymnasium-rhauderfehn.de\/wp-content\/uploads\/2025\/12\/KA1_weiss_2025_600x375.jpg\"><img loading=\"lazy\" decoding=\"async\" class=\"alignnone wp-image-22218 size-full\" src=\"https:\/\/www.gymnasium-rhauderfehn.de\/wp-content\/uploads\/2025\/12\/KA1_weiss_2025_600x375.jpg\" alt=\"\" width=\"600\" height=\"375\" srcset=\"https:\/\/www.gymnasium-rhauderfehn.de\/wp-content\/uploads\/2025\/12\/KA1_weiss_2025_600x375.jpg 600w, https:\/\/www.gymnasium-rhauderfehn.de\/wp-content\/uploads\/2025\/12\/KA1_weiss_2025_600x375-300x188.jpg 300w\" sizes=\"auto, (max-width: 600px) 100vw, 600px\" \/><\/a><\/p>\n","protected":false},"excerpt":{"rendered":"<p>Wir freuen uns sehr: Das Albrecht-Weinberg-Gymnasium wurde mit dem Erasmus+ Qualit\u00e4tssiegel im Schulbereich ausgezeichnet und gilt damit offiziell als \u201eBeispiel guter Praxis\u201c im europ\u00e4ischen Bildungsprogramm. Das Siegel wird vom P\u00e4dagogischen Austauschdienst der Kultusministerkonferenz an Schulen [&hellip;]<\/p>\n","protected":false},"author":41,"featured_media":0,"comment_status":"closed","ping_status":"closed","sticky":false,"template":"","format":"standard","meta":{"ngg_post_thumbnail":0,"footnotes":""},"categories":[107,1,17,13,9],"tags":[],"class_list":["post-22220","post","type-post","status-publish","format-standard","hentry","category-akkreditierung","category-allgemein","category-erasmus","category-europaschule","category-neues"],"_links":{"self":[{"href":"https:\/\/www.gymnasium-rhauderfehn.de\/index.php?rest_route=\/wp\/v2\/posts\/22220","targetHints":{"allow":["GET"]}}],"collection":[{"href":"https:\/\/www.gymnasium-rhauderfehn.de\/index.php?rest_route=\/wp\/v2\/posts"}],"about":[{"href":"https:\/\/www.gymnasium-rhauderfehn.de\/index.php?rest_route=\/wp\/v2\/types\/post"}],"author":[{"embeddable":true,"href":"https:\/\/www.gymnasium-rhauderfehn.de\/index.php?rest_route=\/wp\/v2\/users\/41"}],"replies":[{"embeddable":true,"href":"https:\/\/www.gymnasium-rhauderfehn.de\/index.php?rest_route=%2Fwp%2Fv2%2Fcomments&post=22220"}],"version-history":[{"count":1,"href":"https:\/\/www.gymnasium-rhauderfehn.de\/index.php?rest_route=\/wp\/v2\/posts\/22220\/revisions"}],"predecessor-version":[{"id":22221,"href":"https:\/\/www.gymnasium-rhauderfehn.de\/index.php?rest_route=\/wp\/v2\/posts\/22220\/revisions\/22221"}],"wp:attachment":[{"href":"https:\/\/www.gymnasium-rhauderfehn.de\/index.php?rest_route=%2Fwp%2Fv2%2Fmedia&parent=22220"}],"wp:term":[{"taxonomy":"category","embeddable":true,"href":"https:\/\/www.gymnasium-rhauderfehn.de\/index.php?rest_route=%2Fwp%2Fv2%2Fcategories&post=22220"},{"taxonomy":"post_tag","embeddable":true,"href":"https:\/\/www.gymnasium-rhauderfehn.de\/index.php?rest_route=%2Fwp%2Fv2%2Ftags&post=22220"}],"curies":[{"name":"wp","href":"https:\/\/api.w.org\/{rel}","templated":true}]}}