{"id":22344,"date":"2026-01-15T13:00:48","date_gmt":"2026-01-15T12:00:48","guid":{"rendered":"https:\/\/www.gymnasium-rhauderfehn.de\/?p=22344"},"modified":"2026-01-27T10:21:18","modified_gmt":"2026-01-27T09:21:18","slug":"fortbildung-gefahren-fuer-die-demokratie","status":"publish","type":"post","link":"https:\/\/www.gymnasium-rhauderfehn.de\/?p=22344","title":{"rendered":"Fortbildung: Gefahren f\u00fcr die Demokratie"},"content":{"rendered":"<p>Der Nachmittag des 14.01.2026 stand ganz im Sinne der Demokratiebildung, die eine Querschnittsaufgabe von Schulen ist. So hei\u00dft es im Erlass \u201eSt\u00e4rkung der Demokratiebildung an \u00f6ffentlichen allgemein bildenden und berufsbildenden Schulen sowie Schulen in freier Tr\u00e4gerschaft\u201c:<\/p>\n<blockquote><p>\u201eDie Schule ist ein Lebens- und Lernort unserer Demokratie. Sie soll als ein demokratischer Erfahrungsraum ausgestaltet werden. Demokratiebildung ist daher in jeder \u00f6ffentlichen Schule von Anfang an zu st\u00e4rken und qualitativ und kontinuierlich weiterzuentwickeln.\u201c<\/p><\/blockquote>\n<p>Diese Weiterentwicklung wurde im Zuge einer schulinternen Lehrer*innenfortbildung angestrebt. Zu Gast war ein Mitarbeiter des Nieders\u00e4chsischen Verfassungsschutzes, der in einem vierst\u00fcndigen Workshop den Kolleg*innen und auch einigen interessierten Sch\u00fcler*innen und Eltern nahegebracht hat, wodurch die Demokratie gef\u00e4hrdet werden kann. Nachdem einleitend die Funktion und die Befugnisse des Verfassungsschutzes erkl\u00e4rt wurden, lag der Fokus auf dem Bereich Extremismus. Mithilfe von zahlreichen Audioaufnahmen, Videos und Memes wurden die Ph\u00e4nomenbereiche Rechtsextremismus, Linksextremismus und Islamismus n\u00e4her beleuchtet. Auf anschauliche Art und Weise konnten die Kolleg*innen die Ziele und Strategien von Extremist*innen und das Gefahrenpotenzial f\u00fcr insbesondere junge Menschen erarbeiten. So konnte eine gemeinsame Wissensgrundlage gelegt werden, an die der zweite Teil der schulinternen Lehrer*innenfortbildung im Herbst ankn\u00fcpfen wird. Hier wird es um die St\u00e4rkung der Demokratiebildung im schulischen bzw. unterrichtlichen Kontext gehen.<\/p>\n","protected":false},"excerpt":{"rendered":"<p>Der Nachmittag des 14.01.2026 stand ganz im Sinne der Demokratiebildung, die eine Querschnittsaufgabe von Schulen ist. So hei\u00dft es im Erlass \u201eSt\u00e4rkung der Demokratiebildung an \u00f6ffentlichen allgemein bildenden und berufsbildenden Schulen sowie Schulen in freier [&hellip;]<\/p>\n","protected":false},"author":45,"featured_media":0,"comment_status":"closed","ping_status":"closed","sticky":false,"template":"","format":"standard","meta":{"ngg_post_thumbnail":0,"footnotes":""},"categories":[107,1,9],"tags":[],"class_list":["post-22344","post","type-post","status-publish","format-standard","hentry","category-akkreditierung","category-allgemein","category-neues"],"_links":{"self":[{"href":"https:\/\/www.gymnasium-rhauderfehn.de\/index.php?rest_route=\/wp\/v2\/posts\/22344","targetHints":{"allow":["GET"]}}],"collection":[{"href":"https:\/\/www.gymnasium-rhauderfehn.de\/index.php?rest_route=\/wp\/v2\/posts"}],"about":[{"href":"https:\/\/www.gymnasium-rhauderfehn.de\/index.php?rest_route=\/wp\/v2\/types\/post"}],"author":[{"embeddable":true,"href":"https:\/\/www.gymnasium-rhauderfehn.de\/index.php?rest_route=\/wp\/v2\/users\/45"}],"replies":[{"embeddable":true,"href":"https:\/\/www.gymnasium-rhauderfehn.de\/index.php?rest_route=%2Fwp%2Fv2%2Fcomments&post=22344"}],"version-history":[{"count":2,"href":"https:\/\/www.gymnasium-rhauderfehn.de\/index.php?rest_route=\/wp\/v2\/posts\/22344\/revisions"}],"predecessor-version":[{"id":22366,"href":"https:\/\/www.gymnasium-rhauderfehn.de\/index.php?rest_route=\/wp\/v2\/posts\/22344\/revisions\/22366"}],"wp:attachment":[{"href":"https:\/\/www.gymnasium-rhauderfehn.de\/index.php?rest_route=%2Fwp%2Fv2%2Fmedia&parent=22344"}],"wp:term":[{"taxonomy":"category","embeddable":true,"href":"https:\/\/www.gymnasium-rhauderfehn.de\/index.php?rest_route=%2Fwp%2Fv2%2Fcategories&post=22344"},{"taxonomy":"post_tag","embeddable":true,"href":"https:\/\/www.gymnasium-rhauderfehn.de\/index.php?rest_route=%2Fwp%2Fv2%2Ftags&post=22344"}],"curies":[{"name":"wp","href":"https:\/\/api.w.org\/{rel}","templated":true}]}}