{"id":22346,"date":"2026-01-15T13:00:08","date_gmt":"2026-01-15T12:00:08","guid":{"rendered":"https:\/\/www.gymnasium-rhauderfehn.de\/?p=22346"},"modified":"2026-01-27T10:21:52","modified_gmt":"2026-01-27T09:21:52","slug":"extremismuspraevention-in-jg-10","status":"publish","type":"post","link":"https:\/\/www.gymnasium-rhauderfehn.de\/?p=22346","title":{"rendered":"Extremismuspr\u00e4vention in Jg. 10"},"content":{"rendered":"<p><a href=\"https:\/\/www.gymnasium-rhauderfehn.de\/wp-content\/uploads\/2026\/01\/20260115_123607-scaled.jpg\"><img loading=\"lazy\" decoding=\"async\" class=\"size-medium wp-image-22358 alignleft\" src=\"https:\/\/www.gymnasium-rhauderfehn.de\/wp-content\/uploads\/2026\/01\/20260115_123607-300x152.jpg\" alt=\"\" width=\"300\" height=\"152\" srcset=\"https:\/\/www.gymnasium-rhauderfehn.de\/wp-content\/uploads\/2026\/01\/20260115_123607-300x152.jpg 300w, https:\/\/www.gymnasium-rhauderfehn.de\/wp-content\/uploads\/2026\/01\/20260115_123607-1024x519.jpg 1024w, https:\/\/www.gymnasium-rhauderfehn.de\/wp-content\/uploads\/2026\/01\/20260115_123607-768x389.jpg 768w, https:\/\/www.gymnasium-rhauderfehn.de\/wp-content\/uploads\/2026\/01\/20260115_123607-1536x779.jpg 1536w, https:\/\/www.gymnasium-rhauderfehn.de\/wp-content\/uploads\/2026\/01\/20260115_123607-2048x1038.jpg 2048w\" sizes=\"auto, (max-width: 300px) 100vw, 300px\" \/><\/a>Was bedeutet &#8222;freiheitliche demokratische Grundordnung&#8220;? Warum gilt es, sie zu sch\u00fctzen? Und welchen Gefahren ist sie ausgesetzt?<br \/>\nUm diese Fragen ging es beim dreist\u00fcndigen Workshop mit dem Nieders\u00e4chsischen Verfassungsschutz zur Extremismus, den das AWG jedes Jahr f\u00fcr den 10. Jahrgang organisiert. Die Sch\u00fcler*innen erarbeiteten anhand von Bildern, Videos und Audiodateien, welche Ziele Extremist*innen verfolgen. Im Zuge dessen wurden den Sch\u00fcler*innen auch Faktoren n\u00e4her gebracht, die eine Radikalisierung junger Menschen beg\u00fcnstigen. Weiterhin hatten die Sch\u00fcler*innen die M\u00f6glichkeit, Fragen zur Arbeitsweise des Verfassungsschutzes zu stellen.<\/p>\n<p>Wir bedanken uns herzlich f\u00fcr die gute und langj\u00e4hrige Zusammenarbeit mit dem Nieders\u00e4chsischen Verfassungsschutz.<\/p>\n","protected":false},"excerpt":{"rendered":"<p>Was bedeutet &#8222;freiheitliche demokratische Grundordnung&#8220;? Warum gilt es, sie zu sch\u00fctzen? Und welchen Gefahren ist sie ausgesetzt? Um diese Fragen ging es beim dreist\u00fcndigen Workshop mit dem Nieders\u00e4chsischen Verfassungsschutz zur Extremismus, den das AWG jedes [&hellip;]<\/p>\n","protected":false},"author":45,"featured_media":0,"comment_status":"closed","ping_status":"closed","sticky":false,"template":"","format":"standard","meta":{"ngg_post_thumbnail":0,"footnotes":""},"categories":[107,13,9,34],"tags":[],"class_list":["post-22346","post","type-post","status-publish","format-standard","hentry","category-akkreditierung","category-europaschule","category-neues","category-politikwirtschaft"],"_links":{"self":[{"href":"https:\/\/www.gymnasium-rhauderfehn.de\/index.php?rest_route=\/wp\/v2\/posts\/22346","targetHints":{"allow":["GET"]}}],"collection":[{"href":"https:\/\/www.gymnasium-rhauderfehn.de\/index.php?rest_route=\/wp\/v2\/posts"}],"about":[{"href":"https:\/\/www.gymnasium-rhauderfehn.de\/index.php?rest_route=\/wp\/v2\/types\/post"}],"author":[{"embeddable":true,"href":"https:\/\/www.gymnasium-rhauderfehn.de\/index.php?rest_route=\/wp\/v2\/users\/45"}],"replies":[{"embeddable":true,"href":"https:\/\/www.gymnasium-rhauderfehn.de\/index.php?rest_route=%2Fwp%2Fv2%2Fcomments&post=22346"}],"version-history":[{"count":3,"href":"https:\/\/www.gymnasium-rhauderfehn.de\/index.php?rest_route=\/wp\/v2\/posts\/22346\/revisions"}],"predecessor-version":[{"id":22360,"href":"https:\/\/www.gymnasium-rhauderfehn.de\/index.php?rest_route=\/wp\/v2\/posts\/22346\/revisions\/22360"}],"wp:attachment":[{"href":"https:\/\/www.gymnasium-rhauderfehn.de\/index.php?rest_route=%2Fwp%2Fv2%2Fmedia&parent=22346"}],"wp:term":[{"taxonomy":"category","embeddable":true,"href":"https:\/\/www.gymnasium-rhauderfehn.de\/index.php?rest_route=%2Fwp%2Fv2%2Fcategories&post=22346"},{"taxonomy":"post_tag","embeddable":true,"href":"https:\/\/www.gymnasium-rhauderfehn.de\/index.php?rest_route=%2Fwp%2Fv2%2Ftags&post=22346"}],"curies":[{"name":"wp","href":"https:\/\/api.w.org\/{rel}","templated":true}]}}