{"id":22368,"date":"2026-01-25T20:20:06","date_gmt":"2026-01-25T19:20:06","guid":{"rendered":"https:\/\/www.gymnasium-rhauderfehn.de\/?p=22368"},"modified":"2026-01-27T10:18:22","modified_gmt":"2026-01-27T09:18:22","slug":"der-deutsch-franzoesische-tag","status":"publish","type":"post","link":"https:\/\/www.gymnasium-rhauderfehn.de\/?p=22368","title":{"rendered":"Der deutsch-franz\u00f6sische Tag"},"content":{"rendered":"<p>Der <strong>Deutsch-franz\u00f6sische Tag<\/strong> (<em>La journ\u00e9e franco-allemande<\/em>) wird jedes Jahr am 22. Januar aus Anlass des Jahrestages der Unterzeichnung des \u00c9lys\u00e9e-Vertrages (1963) begangen. Er soll die Jugendlichen in Frankreich und Deutschland mit ihrem Nachbarland bekanntmachen und an ihre kulturelle Vielfalt erinnern. Dieser Tag ist f\u00fcr viele Schulen ein Anlass, mit besonderen Aktionen an die Bedeutung der deutsch-franz\u00f6sischen Freundschaft und Kooperation zu erinnern. Auch am AWG wurde dieser Tag besonders begangen.<\/p>\n<p>Im Foyer &amp; kleiner Mensa wurde am Donnerstag in der 1. und 2. Pause verschiedene Aktionen durchgef\u00fchrt: Verkauf von franz\u00f6sischen Snacks wie Cr\u00eapes, Keksen in Eiffelturm-Form, <em>Galettes de ro<\/em>i, Kuchen. Es gab Info-Tafeln zur Geschichte des Tages, Wissenswertes \u00fcber Frankreich und Schminkaktion sowie Spiele \/ Quiz.<\/p>\n<p>Vielen Dank f\u00fcr das Engagement der Fachgruppe Franz\u00f6sisch<\/p>\n<p><img decoding=\"async\" src=\"https:\/\/www.gymnasium-rhauderfehn.de\/wp-content\/uploads\/2026\/01\/Deutsch-franz.-Freunds.-2026.pdf\" alt=\"\" \/><\/p>\n<p>&nbsp;<\/p>\n","protected":false},"excerpt":{"rendered":"<p>Der Deutsch-franz\u00f6sische Tag (La journ\u00e9e franco-allemande) wird jedes Jahr am 22. Januar aus Anlass des Jahrestages der Unterzeichnung des \u00c9lys\u00e9e-Vertrages (1963) begangen. Er soll die Jugendlichen in Frankreich und Deutschland mit ihrem Nachbarland bekanntmachen und [&hellip;]<\/p>\n","protected":false},"author":1,"featured_media":0,"comment_status":"closed","ping_status":"closed","sticky":false,"template":"","format":"standard","meta":{"ngg_post_thumbnail":0,"footnotes":""},"categories":[107,13,27,9],"tags":[],"class_list":["post-22368","post","type-post","status-publish","format-standard","hentry","category-akkreditierung","category-europaschule","category-franzoesisch","category-neues"],"_links":{"self":[{"href":"https:\/\/www.gymnasium-rhauderfehn.de\/index.php?rest_route=\/wp\/v2\/posts\/22368","targetHints":{"allow":["GET"]}}],"collection":[{"href":"https:\/\/www.gymnasium-rhauderfehn.de\/index.php?rest_route=\/wp\/v2\/posts"}],"about":[{"href":"https:\/\/www.gymnasium-rhauderfehn.de\/index.php?rest_route=\/wp\/v2\/types\/post"}],"author":[{"embeddable":true,"href":"https:\/\/www.gymnasium-rhauderfehn.de\/index.php?rest_route=\/wp\/v2\/users\/1"}],"replies":[{"embeddable":true,"href":"https:\/\/www.gymnasium-rhauderfehn.de\/index.php?rest_route=%2Fwp%2Fv2%2Fcomments&post=22368"}],"version-history":[{"count":3,"href":"https:\/\/www.gymnasium-rhauderfehn.de\/index.php?rest_route=\/wp\/v2\/posts\/22368\/revisions"}],"predecessor-version":[{"id":22389,"href":"https:\/\/www.gymnasium-rhauderfehn.de\/index.php?rest_route=\/wp\/v2\/posts\/22368\/revisions\/22389"}],"wp:attachment":[{"href":"https:\/\/www.gymnasium-rhauderfehn.de\/index.php?rest_route=%2Fwp%2Fv2%2Fmedia&parent=22368"}],"wp:term":[{"taxonomy":"category","embeddable":true,"href":"https:\/\/www.gymnasium-rhauderfehn.de\/index.php?rest_route=%2Fwp%2Fv2%2Fcategories&post=22368"},{"taxonomy":"post_tag","embeddable":true,"href":"https:\/\/www.gymnasium-rhauderfehn.de\/index.php?rest_route=%2Fwp%2Fv2%2Ftags&post=22368"}],"curies":[{"name":"wp","href":"https:\/\/api.w.org\/{rel}","templated":true}]}}