{"id":22944,"date":"2026-08-30T20:41:12","date_gmt":"2026-08-30T18:41:12","guid":{"rendered":"https:\/\/www.gymnasium-rhauderfehn.de\/?p=22944"},"modified":"2026-08-30T20:41:12","modified_gmt":"2026-08-30T18:41:12","slug":"erlebnisreiche-klassenfahrten","status":"publish","type":"post","link":"https:\/\/www.gymnasium-rhauderfehn.de\/?p=22944","title":{"rendered":"Erlebnisreiche Klassenfahrten"},"content":{"rendered":"<p>Die Klassenfahrten des 8. Jahrgangs sind zu Ende und alle sind wohlbehalten heimgekehrt. Frau Rademacher und Frau Sch\u00e4fer berichten: &#8222;Eine ereignisreiche Woche mit vielen neuen Eindr\u00fccken liegt hinter uns. Bei bestem Wetter haben wir verschiedene Inseln besucht, eine Nachtwanderung gemacht, sind trocken gefallen, haben Krebse geangelt (alle haben unbeschadet den Weg zur\u00fcck ins Wasser gefunden), haben gemeinsam gekocht, gegessen und vor allem gesegelt. Diese Woche wird keiner von uns so schnell vergessen.&#8220;<\/p>\n<p>Die Fahrt in die Berge war ebenfalls ein Erfolg. Frau Springer berichtet stellvertretend f\u00fcr die Bergwanderer: Es startete mit einer Stadtrallye in Bonn, bei der schon das erste Handy auf der Strecke blieb. Dann folgten viele Highlights: KI Workshop im Deutschen Museum, Minigolf, eine Nachtw\u00e4chter-Stadtf\u00fchrung, bei der unter anderem gelernt wurde, dass das Sprichwort &#8222;das Geld zum Fenster rauswerfen&#8220; etwas mit F\u00e4kalien zu tun hat, ein gro\u00dfartiger Besuch des Hauess der Geschichte und gro\u00dfe Mengen an Kuchen f\u00fcr das Lehrpersonal. Kuchen k\u00f6nnen die n\u00e4mlich in Bonn! Bei bestem Wetter ging es Donnerstag sozusagen als Kr\u00f6nung per Schiff, Zahnradbahn und per pedes zum Drachenfels hoch hinaus. Bilanz: Sch\u00f6n war&#8217;s in Bonn.<\/p>\n<p>&nbsp;<\/p>\n<p><img loading=\"lazy\" decoding=\"async\" class=\"aligncenter wp-image-22940 size-medium\" src=\"https:\/\/www.gymnasium-rhauderfehn.de\/wp-content\/uploads\/2026\/08\/20260830_KF81-300x225.jpg\" alt=\"\" width=\"300\" height=\"225\" srcset=\"https:\/\/www.gymnasium-rhauderfehn.de\/wp-content\/uploads\/2026\/08\/20260830_KF81-300x225.jpg 300w, https:\/\/www.gymnasium-rhauderfehn.de\/wp-content\/uploads\/2026\/08\/20260830_KF81-1024x768.jpg 1024w, https:\/\/www.gymnasium-rhauderfehn.de\/wp-content\/uploads\/2026\/08\/20260830_KF81-768x576.jpg 768w, https:\/\/www.gymnasium-rhauderfehn.de\/wp-content\/uploads\/2026\/08\/20260830_KF81-1536x1152.jpg 1536w, https:\/\/www.gymnasium-rhauderfehn.de\/wp-content\/uploads\/2026\/08\/20260830_KF81.jpg 2000w\" sizes=\"auto, (max-width: 300px) 100vw, 300px\" \/><\/p>\n","protected":false},"excerpt":{"rendered":"<p>Die Klassenfahrten des 8. Jahrgangs sind zu Ende und alle sind wohlbehalten heimgekehrt. Frau Rademacher und Frau Sch\u00e4fer berichten: &#8222;Eine ereignisreiche Woche mit vielen neuen Eindr\u00fccken liegt hinter uns. Bei bestem Wetter haben wir verschiedene [&hellip;]<\/p>\n","protected":false},"author":1,"featured_media":0,"comment_status":"closed","ping_status":"closed","sticky":false,"template":"","format":"standard","meta":{"ngg_post_thumbnail":0,"footnotes":""},"categories":[1,9],"tags":[],"class_list":["post-22944","post","type-post","status-publish","format-standard","hentry","category-allgemein","category-neues"],"_links":{"self":[{"href":"https:\/\/www.gymnasium-rhauderfehn.de\/index.php?rest_route=\/wp\/v2\/posts\/22944","targetHints":{"allow":["GET"]}}],"collection":[{"href":"https:\/\/www.gymnasium-rhauderfehn.de\/index.php?rest_route=\/wp\/v2\/posts"}],"about":[{"href":"https:\/\/www.gymnasium-rhauderfehn.de\/index.php?rest_route=\/wp\/v2\/types\/post"}],"author":[{"embeddable":true,"href":"https:\/\/www.gymnasium-rhauderfehn.de\/index.php?rest_route=\/wp\/v2\/users\/1"}],"replies":[{"embeddable":true,"href":"https:\/\/www.gymnasium-rhauderfehn.de\/index.php?rest_route=%2Fwp%2Fv2%2Fcomments&post=22944"}],"version-history":[{"count":2,"href":"https:\/\/www.gymnasium-rhauderfehn.de\/index.php?rest_route=\/wp\/v2\/posts\/22944\/revisions"}],"predecessor-version":[{"id":22946,"href":"https:\/\/www.gymnasium-rhauderfehn.de\/index.php?rest_route=\/wp\/v2\/posts\/22944\/revisions\/22946"}],"wp:attachment":[{"href":"https:\/\/www.gymnasium-rhauderfehn.de\/index.php?rest_route=%2Fwp%2Fv2%2Fmedia&parent=22944"}],"wp:term":[{"taxonomy":"category","embeddable":true,"href":"https:\/\/www.gymnasium-rhauderfehn.de\/index.php?rest_route=%2Fwp%2Fv2%2Fcategories&post=22944"},{"taxonomy":"post_tag","embeddable":true,"href":"https:\/\/www.gymnasium-rhauderfehn.de\/index.php?rest_route=%2Fwp%2Fv2%2Ftags&post=22944"}],"curies":[{"name":"wp","href":"https:\/\/api.w.org\/{rel}","templated":true}]}}